{"id":554,"date":"2018-11-05T16:58:03","date_gmt":"2018-11-05T19:58:03","guid":{"rendered":"http:\/\/104.46.119.199\/?p=554"},"modified":"2020-07-06T18:24:42","modified_gmt":"2020-07-06T18:24:42","slug":"fundacion-chile-e-icsk-firman-acuerdo-para-fomentar-el-empleo-en-las-comunidades-relacionadas","status":"publish","type":"post","link":"https:\/\/www.skcapacitacion.cl\/?p=554","title":{"rendered":"Fundaci\u00f3n Chile e ICSK firman acuerdo para fomentar el empleo en comunidades"},"content":{"rendered":"<p>[vc_row][vc_column][vc_column_text]<\/p>\n<h5 style=\"text-align: justify;\"><img loading=\"lazy\" class=\"size-medium wp-image-555 alignleft\" src=\"http:\/\/104.46.119.199\/wp-content\/uploads\/2018\/12\/ICSK-y-Fundacion-Chile-300x200.jpg\" alt=\"\" width=\"300\" height=\"200\" \/><\/h5>\n<h5><\/h5>\n<h5 style=\"text-align: justify;\"><span style=\"font-size: 14px; font-weight: normal;\">Fundaci\u00f3n Chile, a trav\u00e9s de su programa Vetas de Talento, e Ingenier\u00eda y Construcci\u00f3n Sigdo Koppers firmaron una alianza para fomentar la empleabilidad en las comunidades donde<!--more--> opera <\/span><span style=\"font-size: 14px; font-weight: normal;\">nuestra ICSK.<\/span><\/h5>\n<p>&nbsp;<\/p>\n<h5 style=\"text-align: justify;\"><\/h5>\n<h5 style=\"text-align: justify;\">Mediante este acuerdo, y a trav\u00e9s de SK Capacitaci\u00f3n, se capacitar\u00e1 durante 2018 a 90 personas en San Jos\u00e9 de la Mariquina, Talcahuano y Santiago, en talleres de tres semanas de los que egresar\u00e1n con un certificado de Maestro Segunda en Obras Civiles.<\/h5>\n<h5 style=\"text-align: justify;\">De esta forma, ICSK busca avanzar en su estrategia de Sostenibilidad, entregando capacitaci\u00f3n especializada y de calidad a los habitantes de las comunidades relacionadas, lo que adem\u00e1s le permitir\u00e1 contar con personas de excelencia en sus equipos de trabajo. En una segunda etapa, este programa se extender\u00e1 a otras regiones, con distintas especialidades.<\/h5>\n<p>[\/vc_column_text][\/vc_column][\/vc_row][vc_row][vc_column][vc_empty_space][\/vc_column][\/vc_row]<\/p>\n","protected":false},"excerpt":{"rendered":"<p>[vc_row][vc_column][vc_column_text] Fundaci\u00f3n Chile, a trav\u00e9s de su programa Vetas de Talento, e Ingenier\u00eda y Construcci\u00f3n Sigdo Koppers firmaron una alianza para fomentar la empleabilidad en las comunidades donde<\/p>\n","protected":false},"author":2,"featured_media":3283,"comment_status":"closed","ping_status":"closed","sticky":false,"template":"template-microsite.php","format":"standard","meta":{"_themeisle_gutenberg_block_has_review":false},"categories":[1],"tags":[],"_links":{"self":[{"href":"https:\/\/www.skcapacitacion.cl\/index.php?rest_route=\/wp\/v2\/posts\/554"}],"collection":[{"href":"https:\/\/www.skcapacitacion.cl\/index.php?rest_route=\/wp\/v2\/posts"}],"about":[{"href":"https:\/\/www.skcapacitacion.cl\/index.php?rest_route=\/wp\/v2\/types\/post"}],"author":[{"embeddable":true,"href":"https:\/\/www.skcapacitacion.cl\/index.php?rest_route=\/wp\/v2\/users\/2"}],"replies":[{"embeddable":true,"href":"https:\/\/www.skcapacitacion.cl\/index.php?rest_route=%2Fwp%2Fv2%2Fcomments&post=554"}],"version-history":[{"count":8,"href":"https:\/\/www.skcapacitacion.cl\/index.php?rest_route=\/wp\/v2\/posts\/554\/revisions"}],"predecessor-version":[{"id":3297,"href":"https:\/\/www.skcapacitacion.cl\/index.php?rest_route=\/wp\/v2\/posts\/554\/revisions\/3297"}],"wp:featuredmedia":[{"embeddable":true,"href":"https:\/\/www.skcapacitacion.cl\/index.php?rest_route=\/wp\/v2\/media\/3283"}],"wp:attachment":[{"href":"https:\/\/www.skcapacitacion.cl\/index.php?rest_route=%2Fwp%2Fv2%2Fmedia&parent=554"}],"wp:term":[{"taxonomy":"category","embeddable":true,"href":"https:\/\/www.skcapacitacion.cl\/index.php?rest_route=%2Fwp%2Fv2%2Fcategories&post=554"},{"taxonomy":"post_tag","embeddable":true,"href":"https:\/\/www.skcapacitacion.cl\/index.php?rest_route=%2Fwp%2Fv2%2Ftags&post=554"}],"curies":[{"name":"wp","href":"https:\/\/api.w.org\/{rel}","templated":true}]}}